{"id":3429,"date":"2025-05-06T12:01:58","date_gmt":"2025-05-06T11:01:58","guid":{"rendered":"https:\/\/saabcarmuseum.se\/?p=3429"},"modified":"2026-03-30T15:39:03","modified_gmt":"2026-03-30T14:39:03","slug":"foredrag-med-roger-lark-15-5-mitt-liv-som-pressfotograf","status":"publish","type":"post","link":"https:\/\/saabcarmuseum.se\/en\/foredrag-med-roger-lark-15-5-mitt-liv-som-pressfotograf\/","title":{"rendered":"Roger L\u00e4rk talks about his life as a press photographer"},"content":{"rendered":"<p><strong>On the occasion of the Roger &amp; Saab photo exhibition, the Saab Car Museum is now arranging a speech with photographer Roger L\u00e4rk, who took all the photos for the exhibition.<\/strong><\/p>\n<p>In his work as a photographer for the local newspaper TTELA, Roger L\u00e4rk covered Saab through its ups and downs, from the early 1970s until its bankruptcy. During this lecture, he will talk about his long career as a press photographer and how the profession has changed over the years. We will also hear Roger talk about various memorable situations he has experienced in his work, and of course one or two stories connected to Saab.<\/p>\n<p><strong>Location:<\/strong> Filmsalen, Saab Car Museum<br \/>\n<strong>Time:<\/strong> 17.00\u201319.00<br \/>\nThe lecture starts at 18.00. Please come earlier and see the Roger &amp; Saab photo exhibition before the lecture begins.<\/p>\n<p><strong>About the Roger &amp; Saab photo exhibition:<\/strong><br \/>\nRoger L\u00e4rk's photographs are fundamentally objective photojournalism that has depicted current events of great interest to the public. Today, the images not only show an important part of Trollh\u00e4ttan's history, but also highlight interesting episodes in the story of Saab. People rather than cars are in focus, and the images evoke emotions in different ways.\nThe person rather than the car is the focus, and the images evoke emotions in different ways.<br \/>\nThe photo exhibition will be on display at the museum until Sunday, April 12, 2026.<\/p>\n<p>Read more about Roger L\u00e4rk and the photo exhibition: <a href=\"https:\/\/saabcarmuseum.se\/en\/roger-larks-40-ar-med-saab-framfor-kameran\/\" target=\"_blank\" rel=\"noopener\">https:\/\/saabcarmuseum.se\/roger-larks-40-ar-med-saab-framfor-kameran\/<\/a><\/p>\n<p><strong>Regular entrance fees during the evening:<\/strong><br \/>\nAdult 140 SEK<br \/>\nSenior 110 SEK<br \/>\nStudent 80 SEK<br \/>\nChildren\/Youth (4\u201319 years) 80 SEK<\/p>","protected":false},"excerpt":{"rendered":"<p>Med anledning av fotoutst\u00e4llningen Roger &amp; Saab arrangerar Saab Car Museum nu ett f\u00f6redrag med fotografen Roger L\u00e4rk, som tagit samtliga bilder till utst\u00e4llningen. I sitt arbete som fotograf p\u00e5 lokaltidningen TTELA \u00adbevakade Roger L\u00e4rk Saab i med- och motg\u00e5ngar, fr\u00e5n tidigt 70-tal fram till konkursen. Under detta f\u00f6redrag kommer han att ber\u00e4tta om sin [&hellip;]<\/p>\n","protected":false},"author":3,"featured_media":3432,"comment_status":"closed","ping_status":"closed","sticky":false,"template":"","format":"standard","meta":{"footnotes":""},"categories":[1],"tags":[],"class_list":["post-3429","post","type-post","status-publish","format-standard","has-post-thumbnail","hentry","category-uncategorized"],"_links":{"self":[{"href":"https:\/\/saabcarmuseum.se\/en\/wp-json\/wp\/v2\/posts\/3429","targetHints":{"allow":["GET"]}}],"collection":[{"href":"https:\/\/saabcarmuseum.se\/en\/wp-json\/wp\/v2\/posts"}],"about":[{"href":"https:\/\/saabcarmuseum.se\/en\/wp-json\/wp\/v2\/types\/post"}],"author":[{"embeddable":true,"href":"https:\/\/saabcarmuseum.se\/en\/wp-json\/wp\/v2\/users\/3"}],"replies":[{"embeddable":true,"href":"https:\/\/saabcarmuseum.se\/en\/wp-json\/wp\/v2\/comments?post=3429"}],"version-history":[{"count":4,"href":"https:\/\/saabcarmuseum.se\/en\/wp-json\/wp\/v2\/posts\/3429\/revisions"}],"predecessor-version":[{"id":4864,"href":"https:\/\/saabcarmuseum.se\/en\/wp-json\/wp\/v2\/posts\/3429\/revisions\/4864"}],"wp:featuredmedia":[{"embeddable":true,"href":"https:\/\/saabcarmuseum.se\/en\/wp-json\/wp\/v2\/media\/3432"}],"wp:attachment":[{"href":"https:\/\/saabcarmuseum.se\/en\/wp-json\/wp\/v2\/media?parent=3429"}],"wp:term":[{"taxonomy":"category","embeddable":true,"href":"https:\/\/saabcarmuseum.se\/en\/wp-json\/wp\/v2\/categories?post=3429"},{"taxonomy":"post_tag","embeddable":true,"href":"https:\/\/saabcarmuseum.se\/en\/wp-json\/wp\/v2\/tags?post=3429"}],"curies":[{"name":"wp","href":"https:\/\/api.w.org\/{rel}","templated":true}]}}