{"id":3225,"date":"2025-03-06T19:51:21","date_gmt":"2025-03-06T18:51:21","guid":{"rendered":"https:\/\/saabcarmuseum.se\/?p=3225"},"modified":"2025-08-18T16:46:19","modified_gmt":"2025-08-18T15:46:19","slug":"manga-mojligheter-att-fira-saab-car-museum-som-fyller-50-ar","status":"publish","type":"post","link":"https:\/\/saabcarmuseum.se\/en\/manga-mojligheter-att-fira-saab-car-museum-som-fyller-50-ar\/","title":{"rendered":"Many opportunities to celebrate the Saab Car Museum's 50th anniversary"},"content":{"rendered":"<p>At the Saab Car Museum, the legendary Saab spirit lives on \u2013 stronger than ever! The museum will turn 50 years in 2025, and we want to make sure to celebrate that. We will both celebrate the museum and pay attention to interesting people, exciting stories and important events that have shaped the history of the Saab company and its cars.<\/p>\n<p>By spreading out events and activities throughout the year, we hope that as many people as possible can visit the Saab Car Museum in a festive way. The museum in Trollh\u00e4ttan will of course be the center of the celebration, but we will also appear in other places where car enthusiasts gather.<\/p>\n<p>The events we present here form the backbone of this year's program, but don't be surprised if more activities appear during the year, both stand-alone events and various program activities linked to the main events.<\/p>\n<p>We will continuously present detailed programs on our website and in social media, and we really look forward to meeting all of you who want to celebrate the museum's first 50 years together with us and our partners.<\/p>\n<p>As usual, there is also the opportunity for groups and organizations to arrange their own conferences, meetings and other types of events at the museum. Contact us with your wishes and ideas, and we will try to put together a memorable day together with you.<\/p>\n<p>If you have the chance, please visit us with your own Saab during our anniversary year! A Saab feels best when it\u2019s driven \u2013 all the way home to Trollh\u00e4ttan.<\/p>\n<p>&nbsp;<\/p>\n<p><em><strong>Brief information about planned events and activities in 2025:<\/strong><\/em><\/p>\n<p>&nbsp;<\/p>\n<p><strong>Roger &amp; Saab \u2013 Opening March 15<\/strong><br \/>\nIn his work as a press photographer at the local newspaper TTELA, Roger L\u00e4rk covered Saab through its ups and downs. Now he has dug deep into the archives to be able to present nearly 100 pictures from 1973 to 2013, where people rather than cars are the focus. The images are on display in a large-scale photo exhibition at the Saab Car Museum throughout the year.<\/p>\n<p><strong>Hello Innovatum District \u2013 Saturday April 26<\/strong><br \/>\nTogether with other actors in the Innovatum District area, the Saab Car Museum invites you to a day with various activities. Take the opportunity to see the photo exhibition Roger &amp; Saab with historical images by press photographer Roger L\u00e4rk. The museum's film room shows interesting movies and our volunteers guide visitors through the exhibition.<\/p>\n<p><strong>Museiresans dag \u2013 Saturday May 10<\/strong><br \/>\nA day full of activities as \"NAV \u2013 organisation for industrial herritage\" gather working life museums from all over the V\u00e4sta G\u00f6taland region. The day will offer crafts, history, machines and stories. Feel free to stop by and talk cars at the Saab Car Museum stand!<br \/>\nLocation: Gjuteriet, R\u00f6rstrands center, Lidk\u00f6ping.<br \/>\nFurther information is available on <a href=\"https:\/\/www.navivast.se\/event\/museiresans-dag\/\" target=\"_blank\" rel=\"noopener\">NAV's website<\/a> and the event's <a href=\"https:\/\/fb.me\/e\/38pv8pQ88\" target=\"_blank\" rel=\"noopener\">FB-page<\/a>.<\/p>\n<p><strong><a href=\"https:\/\/www.gccw.se\/\" target=\"_blank\" rel=\"noopener\">G\u00f6teborg Classic Car Weekend<\/a> \u2013 24\u201325 maj<\/strong><br \/>\nA new car event focusing on classic cars is moving into the old Lindholmen shipyard area. Saab Car Museum is showcasing unique cars from the collection, all of which have a connection to the legendary rally driver and PR profile Erik Carlsson.<\/p>\n<p><strong><a href=\"https:\/\/saabcarmuseum.se\/en\/motorhistoriska-dagen-i-trollhattan-6-juni\/\" target=\"_blank\" rel=\"noopener\">Motorhistoriska dagen (Historic Vehicle Day)<\/a> \u2013 Friday June 6<\/strong><br \/>\nMotorhistoriska dagen (the Motor History Day) is celebrated in many places around the country to draw attention to the cultural heritage of automotive history. Together with <a href=\"https:\/\/tuv.nu\/\" target=\"_blank\" rel=\"noopener\">Trestads veteranbilklubb<\/a> and <a href=\"https:\/\/thn.saabklubben.se\/\" target=\"_blank\" rel=\"noopener\">Svenska Saabklubben Trollh\u00e4ttan<\/a> we invite clubs and enthusiasts to gather at the Saab Car Museum, which will be a hub for various meetings and events in the region during the day. Lectures and activities will be arranged inside the museum.<\/p>\n<p><strong>Saab Car Museum 50th Birthday Party \u2013 Saturday September 6<\/strong><br \/>\nOn Saturday 6 September we celebrate the Saab Car Museum, which is turning 50! There will be several different activities where visitors can both see and hear some of the museum's cars as they are showcased in the museum's surroundings. There will be a car parade, quiz a tour of the workshop and a delicious \u201cfika\u201d to celebrate the anniversary. A complete program can be found on <a href=\"https:\/\/saabcarmuseum.se\/en\/saab-car-museum-50-ar\/\">a separate page about the birthday party.<\/a><\/p>\n<p><strong>A Night at the Museum \u2013 November 8<\/strong><br \/>\nDuring the evening, we will give visitors the opportunity to experience the museum's car exhibition in a different way. We will turn off the regular lighting and instead let the shapes of the cars be illuminated with atmospheric lighting. In a pleasant atmosphere, we will discuss various Saab solutions related to the theme of \"light\".<\/p>","protected":false},"excerpt":{"rendered":"<p>P\u00e5 Saab Car Museum lever den legendariska Saabandan kvar \u2013 starkare \u00e4n n\u00e5gonsin! 2025 fyller museet 50 \u00e5r, och det vill vi sj\u00e4lvklart uppm\u00e4rksamma. Vi kommer b\u00e5de att fira museet och lyfta fram intressanta m\u00e4nniskor, sp\u00e4nnande ber\u00e4ttelser och viktiga h\u00e4ndelser som format historien om f\u00f6retaget Saab och dess bilar. Genom att sprida ut evenemang och [&hellip;]<\/p>\n","protected":false},"author":3,"featured_media":3228,"comment_status":"closed","ping_status":"closed","sticky":false,"template":"","format":"standard","meta":{"footnotes":""},"categories":[1],"tags":[],"class_list":["post-3225","post","type-post","status-publish","format-standard","has-post-thumbnail","hentry","category-uncategorized"],"_links":{"self":[{"href":"https:\/\/saabcarmuseum.se\/en\/wp-json\/wp\/v2\/posts\/3225","targetHints":{"allow":["GET"]}}],"collection":[{"href":"https:\/\/saabcarmuseum.se\/en\/wp-json\/wp\/v2\/posts"}],"about":[{"href":"https:\/\/saabcarmuseum.se\/en\/wp-json\/wp\/v2\/types\/post"}],"author":[{"embeddable":true,"href":"https:\/\/saabcarmuseum.se\/en\/wp-json\/wp\/v2\/users\/3"}],"replies":[{"embeddable":true,"href":"https:\/\/saabcarmuseum.se\/en\/wp-json\/wp\/v2\/comments?post=3225"}],"version-history":[{"count":5,"href":"https:\/\/saabcarmuseum.se\/en\/wp-json\/wp\/v2\/posts\/3225\/revisions"}],"predecessor-version":[{"id":3822,"href":"https:\/\/saabcarmuseum.se\/en\/wp-json\/wp\/v2\/posts\/3225\/revisions\/3822"}],"wp:featuredmedia":[{"embeddable":true,"href":"https:\/\/saabcarmuseum.se\/en\/wp-json\/wp\/v2\/media\/3228"}],"wp:attachment":[{"href":"https:\/\/saabcarmuseum.se\/en\/wp-json\/wp\/v2\/media?parent=3225"}],"wp:term":[{"taxonomy":"category","embeddable":true,"href":"https:\/\/saabcarmuseum.se\/en\/wp-json\/wp\/v2\/categories?post=3225"},{"taxonomy":"post_tag","embeddable":true,"href":"https:\/\/saabcarmuseum.se\/en\/wp-json\/wp\/v2\/tags?post=3225"}],"curies":[{"name":"wp","href":"https:\/\/api.w.org\/{rel}","templated":true}]}}